{"id":1785,"date":"2018-03-09T11:35:17","date_gmt":"2018-03-09T10:35:17","guid":{"rendered":"https:\/\/amblubiana.esteri.it\/news\/dall_ambasciata\/2018\/03\/visita-del-direttore-dell-itf-enhancing-2\/"},"modified":"2018-03-09T11:35:17","modified_gmt":"2018-03-09T10:35:17","slug":"visita-del-direttore-dell-itf-enhancing-2","status":"publish","type":"post","link":"https:\/\/amblubiana.esteri.it\/en\/news\/dall_ambasciata\/2018\/03\/visita-del-direttore-dell-itf-enhancing-2\/","title":{"rendered":"Meeting with the Director of the ITF Enhancing Human Security (ITF), Amb. Toma\u017e Lovren\u010di\u010d (6 February 2018)"},"content":{"rendered":"<p><img loading=\"lazy\" decoding=\"async\" src=\"resource\/img\/2018\/03\/visita_dellamb._lovrencic_itf.jpg\" alt=\"visita dellamb. lovrencic itf\" width=\"700\" height=\"525\" \/><\/p>\n","protected":false},"excerpt":{"rendered":"","protected":false},"author":1,"featured_media":0,"comment_status":"","ping_status":"","sticky":false,"template":"","format":"standard","meta":{"footnotes":""},"tags":[],"class_list":["post-1785","post","type-post","status-publish","format-standard","hentry"],"_links":{"self":[{"href":"https:\/\/amblubiana.esteri.it\/en\/wp-json\/wp\/v2\/posts\/1785","targetHints":{"allow":["GET"]}}],"collection":[{"href":"https:\/\/amblubiana.esteri.it\/en\/wp-json\/wp\/v2\/posts"}],"about":[{"href":"https:\/\/amblubiana.esteri.it\/en\/wp-json\/wp\/v2\/types\/post"}],"author":[{"embeddable":true,"href":"https:\/\/amblubiana.esteri.it\/en\/wp-json\/wp\/v2\/users\/1"}],"replies":[{"embeddable":true,"href":"https:\/\/amblubiana.esteri.it\/en\/wp-json\/wp\/v2\/comments?post=1785"}],"version-history":[{"count":0,"href":"https:\/\/amblubiana.esteri.it\/en\/wp-json\/wp\/v2\/posts\/1785\/revisions"}],"wp:attachment":[{"href":"https:\/\/amblubiana.esteri.it\/en\/wp-json\/wp\/v2\/media?parent=1785"}],"wp:term":[{"taxonomy":"post_tag","embeddable":true,"href":"https:\/\/amblubiana.esteri.it\/en\/wp-json\/wp\/v2\/tags?post=1785"}],"curies":[{"name":"wp","href":"https:\/\/api.w.org\/{rel}","templated":true}]}}