{"id":1021,"date":"2021-11-12T13:46:42","date_gmt":"2021-11-12T12:46:42","guid":{"rendered":"https:\/\/amblubiana.esteri.it\/news\/dall_ambasciata\/2021\/11\/e-vignette-autostradali\/"},"modified":"2021-11-12T13:46:42","modified_gmt":"2021-11-12T12:46:42","slug":"e-vignette-autostradali","status":"publish","type":"post","link":"https:\/\/amblubiana.esteri.it\/it\/news\/dall_ambasciata\/2021\/11\/e-vignette-autostradali\/","title":{"rendered":"E-vignette autostradali"},"content":{"rendered":"<p>Con il 1\u00b0 dicembre 2021 in Slovenia sono arrivate le e-vignette autostradali\u00a0 e le vignette in formato adesivo non sono pi\u00f9 disponibili. Si potranno acquistare online (societ\u00e0 autostrade slovene DARS) o presso le stazioni di servizio e in alcuni punti vendita.<\/p>\n<p>Queste le principali novit\u00e0 dell\u2019e-vignetta:<\/p>\n<p>&#8211; sar\u00e0 valida un anno dalla data d\u2019acquisto, dunque non sar\u00e0 pi\u00f9 legata all\u2019anno solare come finora;<\/p>\n<p>&#8211; si potr\u00e0 acquistare anche in anticipo, ma non pi\u00f9 di 30 giorni prima della data scelta per l\u2019utilizzo;<\/p>\n<p>&#8211; sar\u00e0 legata al numero di targa;<\/p>\n<p>&#8211; i costi per le automobili saranno: 110 annuale, 30 mensile, 15 settimanale;<\/p>\n<p>&#8211; i costi per gli autoveicoli di maggiori dimensioni (camper, furgoni\u2026): 220 annuale, 60 mensile, 30 settimanale;<\/p>\n<p>&#8211; i costi per le motociclette: 55 annuale, 30 semestrale, 7.50 settimanale.<\/p>\n<p>La sanzione amministrativa per il mancato acquisto della vignetta autostradale ammonta a 300 Euro.<\/p>\n","protected":false},"excerpt":{"rendered":"Con il 1\u00b0 dicembre 2021 in Slovenia sono arrivate le e-vignette autostradali\u00a0 e le vignette in formato adesivo non sono pi\u00f9 disponibili. Si potranno acquistare online (societ\u00e0 autostrade slovene DARS) o presso le stazioni di servizio e in alcuni punti vendita. Queste le principali novit\u00e0 dell\u2019e-vignetta: &#8211; sar\u00e0 valida un anno dalla data d\u2019acquisto, dunque [&hellip;]","protected":false},"author":1,"featured_media":0,"comment_status":"","ping_status":"","sticky":false,"template":"","format":"standard","meta":{"footnotes":""},"tags":[],"class_list":["post-1021","post","type-post","status-publish","format-standard","hentry"],"_links":{"self":[{"href":"https:\/\/amblubiana.esteri.it\/it\/wp-json\/wp\/v2\/posts\/1021","targetHints":{"allow":["GET"]}}],"collection":[{"href":"https:\/\/amblubiana.esteri.it\/it\/wp-json\/wp\/v2\/posts"}],"about":[{"href":"https:\/\/amblubiana.esteri.it\/it\/wp-json\/wp\/v2\/types\/post"}],"author":[{"embeddable":true,"href":"https:\/\/amblubiana.esteri.it\/it\/wp-json\/wp\/v2\/users\/1"}],"replies":[{"embeddable":true,"href":"https:\/\/amblubiana.esteri.it\/it\/wp-json\/wp\/v2\/comments?post=1021"}],"version-history":[{"count":0,"href":"https:\/\/amblubiana.esteri.it\/it\/wp-json\/wp\/v2\/posts\/1021\/revisions"}],"wp:attachment":[{"href":"https:\/\/amblubiana.esteri.it\/it\/wp-json\/wp\/v2\/media?parent=1021"}],"wp:term":[{"taxonomy":"post_tag","embeddable":true,"href":"https:\/\/amblubiana.esteri.it\/it\/wp-json\/wp\/v2\/tags?post=1021"}],"curies":[{"name":"wp","href":"https:\/\/api.w.org\/{rel}","templated":true}]}}