{"id":1035,"date":"2021-09-21T10:33:45","date_gmt":"2021-09-21T08:33:45","guid":{"rendered":"https:\/\/amblubiana.esteri.it\/news\/dall_ambasciata\/2021\/09\/forum-dei-giovani-ue-balcani-roma\/"},"modified":"2021-09-21T10:33:45","modified_gmt":"2021-09-21T08:33:45","slug":"forum-dei-giovani-ue-balcani-roma","status":"publish","type":"post","link":"https:\/\/amblubiana.esteri.it\/it\/news\/dall_ambasciata\/2021\/09\/forum-dei-giovani-ue-balcani-roma\/","title":{"rendered":"FORUM DEI GIOVANI UE-BALCANI &#8211; ROMA, 22-26 NOVEMBRE 2021."},"content":{"rendered":"<p>Il\u00a0Forum dei Giovani UE-Balcani, che l&#8217;Italia ospiter\u00e0 il 22-26 novembre 2021 a Roma, riunir\u00e0 78 studenti universitari da tutta l&#8217;UE e dai Balcani, con 10 mentori e personalit\u00e0 politiche dall&#8217;intera regione. Saranno selezionati due partecipanti da ogni Paese UE e quattro da ogni Paese dei Balcani non ancora parte dell&#8217;UE.<\/p>\n<p>L&#8217;agenda dell&#8217;evento e il modulo di partecipazione sono disponibili nel sito <a href=\"http:\/\/www.eubalkanforum.org\">www.eubalkanforum.org<\/a><\/p>\n<p>Il termine per la presentazione delle domande \u00e8 il\u00a015 ottore.<\/p>\n<p>\u00a0Forum<\/p>\n<p>\u00a0<\/p>\n","protected":false},"excerpt":{"rendered":"Il\u00a0Forum dei Giovani UE-Balcani, che l&#8217;Italia ospiter\u00e0 il 22-26 novembre 2021 a Roma, riunir\u00e0 78 studenti universitari da tutta l&#8217;UE e dai Balcani, con 10 mentori e personalit\u00e0 politiche dall&#8217;intera regione. Saranno selezionati due partecipanti da ogni Paese UE e quattro da ogni Paese dei Balcani non ancora parte dell&#8217;UE. L&#8217;agenda dell&#8217;evento e il modulo [&hellip;]","protected":false},"author":1,"featured_media":0,"comment_status":"","ping_status":"","sticky":false,"template":"","format":"standard","meta":{"footnotes":""},"tags":[],"class_list":["post-1035","post","type-post","status-publish","format-standard","hentry"],"_links":{"self":[{"href":"https:\/\/amblubiana.esteri.it\/it\/wp-json\/wp\/v2\/posts\/1035","targetHints":{"allow":["GET"]}}],"collection":[{"href":"https:\/\/amblubiana.esteri.it\/it\/wp-json\/wp\/v2\/posts"}],"about":[{"href":"https:\/\/amblubiana.esteri.it\/it\/wp-json\/wp\/v2\/types\/post"}],"author":[{"embeddable":true,"href":"https:\/\/amblubiana.esteri.it\/it\/wp-json\/wp\/v2\/users\/1"}],"replies":[{"embeddable":true,"href":"https:\/\/amblubiana.esteri.it\/it\/wp-json\/wp\/v2\/comments?post=1035"}],"version-history":[{"count":0,"href":"https:\/\/amblubiana.esteri.it\/it\/wp-json\/wp\/v2\/posts\/1035\/revisions"}],"wp:attachment":[{"href":"https:\/\/amblubiana.esteri.it\/it\/wp-json\/wp\/v2\/media?parent=1035"}],"wp:term":[{"taxonomy":"post_tag","embeddable":true,"href":"https:\/\/amblubiana.esteri.it\/it\/wp-json\/wp\/v2\/tags?post=1035"}],"curies":[{"name":"wp","href":"https:\/\/api.w.org\/{rel}","templated":true}]}}