{"id":1179,"date":"2020-06-12T19:45:54","date_gmt":"2020-06-12T17:45:54","guid":{"rendered":"https:\/\/amblubiana.esteri.it\/news\/dall_ambasciata\/2020\/06\/apertura-del-confine-con-l-italia\/"},"modified":"2020-06-12T19:45:54","modified_gmt":"2020-06-12T17:45:54","slug":"apertura-del-confine-con-l-italia","status":"publish","type":"post","link":"https:\/\/amblubiana.esteri.it\/it\/news\/dall_ambasciata\/2020\/06\/apertura-del-confine-con-l-italia\/","title":{"rendered":"APERTURA DEL CONFINE CON L&#8217;ITALIA CON IL 15.06.2020, PER IL FVG GIA&#8217; DAL 13.06.2020"},"content":{"rendered":"<p>Il Governo della Repubblica di Slovenia ha comunicato che dal 13.06.2020 sar\u00e0 possibile attraversare il confine fra Italia e Slovenia per i <span style=\"text-decoration: underline;\"><strong>residenti in Friuli Venezia Giulia<\/strong><\/span>.<\/p>\n<p>Inoltre, da luned\u00ec <span style=\"text-decoration: underline;\"><strong>15.06.2020<\/strong><\/span> l&#8217;Italia sar\u00e0 inserita tra i paesi epidemiologicamente sicuri e l&#8217;attraversamento sar\u00e0 possibile anche per il <span style=\"text-decoration: underline;\"><strong>resto d&#8217;Italia<\/strong><\/span>. I cittadini sloveni e italiani da luned\u00ec 15 giugno p.v. potranno attraversare il confine tra Italia e Slovenia <span style=\"text-decoration: underline;\"><strong>anche dai valichi minori<\/strong><\/span>.<\/p>\n<p>\u00a0<\/p>\n","protected":false},"excerpt":{"rendered":"Il Governo della Repubblica di Slovenia ha comunicato che dal 13.06.2020 sar\u00e0 possibile attraversare il confine fra Italia e Slovenia per i residenti in Friuli Venezia Giulia. Inoltre, da luned\u00ec 15.06.2020 l&#8217;Italia sar\u00e0 inserita tra i paesi epidemiologicamente sicuri e l&#8217;attraversamento sar\u00e0 possibile anche per il resto d&#8217;Italia. I cittadini sloveni e italiani da luned\u00ec [&hellip;]","protected":false},"author":1,"featured_media":0,"comment_status":"","ping_status":"","sticky":false,"template":"","format":"standard","meta":{"footnotes":""},"tags":[],"class_list":["post-1179","post","type-post","status-publish","format-standard","hentry"],"_links":{"self":[{"href":"https:\/\/amblubiana.esteri.it\/it\/wp-json\/wp\/v2\/posts\/1179","targetHints":{"allow":["GET"]}}],"collection":[{"href":"https:\/\/amblubiana.esteri.it\/it\/wp-json\/wp\/v2\/posts"}],"about":[{"href":"https:\/\/amblubiana.esteri.it\/it\/wp-json\/wp\/v2\/types\/post"}],"author":[{"embeddable":true,"href":"https:\/\/amblubiana.esteri.it\/it\/wp-json\/wp\/v2\/users\/1"}],"replies":[{"embeddable":true,"href":"https:\/\/amblubiana.esteri.it\/it\/wp-json\/wp\/v2\/comments?post=1179"}],"version-history":[{"count":0,"href":"https:\/\/amblubiana.esteri.it\/it\/wp-json\/wp\/v2\/posts\/1179\/revisions"}],"wp:attachment":[{"href":"https:\/\/amblubiana.esteri.it\/it\/wp-json\/wp\/v2\/media?parent=1179"}],"wp:term":[{"taxonomy":"post_tag","embeddable":true,"href":"https:\/\/amblubiana.esteri.it\/it\/wp-json\/wp\/v2\/tags?post=1179"}],"curies":[{"name":"wp","href":"https:\/\/api.w.org\/{rel}","templated":true}]}}