{"id":1538,"date":"2018-11-30T15:21:28","date_gmt":"2018-11-30T14:21:28","guid":{"rendered":"https:\/\/amblubiana.esteri.it\/news\/dall_ambasciata\/2018\/11\/commemorazione-dei-defunti-di-tutte_2\/"},"modified":"2018-11-30T15:21:28","modified_gmt":"2018-11-30T14:21:28","slug":"commemorazione-dei-defunti-di-tutte_2","status":"publish","type":"post","link":"https:\/\/amblubiana.esteri.it\/it\/news\/dall_ambasciata\/2018\/11\/commemorazione-dei-defunti-di-tutte_2\/","title":{"rendered":"Commemorazione dei defunti di tutte le guerre &#8211; Cimitero di \u017dale"},"content":{"rendered":"<p>Si \u00e8 svolta luned\u00ec\u00a05 novembre u.s. la commemorazione dei defunti di tutte le guerre presso il Cimitero Militare Italiano e l&#8217;Ossario sloveno siti all&#8217;interno del cimitero di \u017dale di Lubiana.<\/p>\n<p><img loading=\"lazy\" decoding=\"async\" width=\"700\" height=\"336\" alt=\"20181105 102038\" src=\"resource\/img\/2018\/11\/20181105_102038.jpg\" \/><\/p>\n","protected":false},"excerpt":{"rendered":"Si \u00e8 svolta luned\u00ec\u00a05 novembre u.s. la commemorazione dei defunti di tutte le guerre presso il Cimitero Militare Italiano e l&#8217;Ossario sloveno siti all&#8217;interno del cimitero di \u017dale di Lubiana.","protected":false},"author":1,"featured_media":0,"comment_status":"","ping_status":"","sticky":false,"template":"","format":"standard","meta":{"footnotes":""},"tags":[],"class_list":["post-1538","post","type-post","status-publish","format-standard","hentry"],"_links":{"self":[{"href":"https:\/\/amblubiana.esteri.it\/it\/wp-json\/wp\/v2\/posts\/1538","targetHints":{"allow":["GET"]}}],"collection":[{"href":"https:\/\/amblubiana.esteri.it\/it\/wp-json\/wp\/v2\/posts"}],"about":[{"href":"https:\/\/amblubiana.esteri.it\/it\/wp-json\/wp\/v2\/types\/post"}],"author":[{"embeddable":true,"href":"https:\/\/amblubiana.esteri.it\/it\/wp-json\/wp\/v2\/users\/1"}],"replies":[{"embeddable":true,"href":"https:\/\/amblubiana.esteri.it\/it\/wp-json\/wp\/v2\/comments?post=1538"}],"version-history":[{"count":0,"href":"https:\/\/amblubiana.esteri.it\/it\/wp-json\/wp\/v2\/posts\/1538\/revisions"}],"wp:attachment":[{"href":"https:\/\/amblubiana.esteri.it\/it\/wp-json\/wp\/v2\/media?parent=1538"}],"wp:term":[{"taxonomy":"post_tag","embeddable":true,"href":"https:\/\/amblubiana.esteri.it\/it\/wp-json\/wp\/v2\/tags?post=1538"}],"curies":[{"name":"wp","href":"https:\/\/api.w.org\/{rel}","templated":true}]}}