{"id":1781,"date":"2018-03-09T11:35:17","date_gmt":"2018-03-09T10:35:17","guid":{"rendered":"https:\/\/amblubiana.esteri.it\/news\/dall_ambasciata\/2018\/03\/visita-del-direttore-dell-itf-enhancing\/"},"modified":"2018-03-09T11:35:17","modified_gmt":"2018-03-09T10:35:17","slug":"visita-del-direttore-dell-itf-enhancing","status":"publish","type":"post","link":"https:\/\/amblubiana.esteri.it\/it\/news\/dall_ambasciata\/2018\/03\/visita-del-direttore-dell-itf-enhancing\/","title":{"rendered":"Visita del Direttore dell&#8217;ITF Enhancing Human Security, Amb. Toma\u017e Lovren\u010di\u010d (6 febbraio 2018)"},"content":{"rendered":"<p>Marted\u00ec 6 febbraio u.s. l&#8217;Ambasciatore Trichilo ha ricevuto presso la sede dell&#8217;Ambasciata d&#8217;Italia a Lubiana il Direttore dell&#8217;ITF Enhancing Human Security, Amb. Toma\u017e Lovren\u010di\u010d.<\/p>\n<p><img loading=\"lazy\" decoding=\"async\" src=\"resource\/img\/2018\/03\/visita_dellamb._lovrencic_itf.jpg\" alt=\"visita dellamb. lovrencic itf\" width=\"700\" height=\"525\" \/><\/p>\n","protected":false},"excerpt":{"rendered":"Marted\u00ec 6 febbraio u.s. l&#8217;Ambasciatore Trichilo ha ricevuto presso la sede dell&#8217;Ambasciata d&#8217;Italia a Lubiana il Direttore dell&#8217;ITF Enhancing Human Security, Amb. Toma\u017e Lovren\u010di\u010d.","protected":false},"author":1,"featured_media":0,"comment_status":"","ping_status":"","sticky":false,"template":"","format":"standard","meta":{"footnotes":""},"tags":[],"class_list":["post-1781","post","type-post","status-publish","format-standard","hentry"],"_links":{"self":[{"href":"https:\/\/amblubiana.esteri.it\/it\/wp-json\/wp\/v2\/posts\/1781","targetHints":{"allow":["GET"]}}],"collection":[{"href":"https:\/\/amblubiana.esteri.it\/it\/wp-json\/wp\/v2\/posts"}],"about":[{"href":"https:\/\/amblubiana.esteri.it\/it\/wp-json\/wp\/v2\/types\/post"}],"author":[{"embeddable":true,"href":"https:\/\/amblubiana.esteri.it\/it\/wp-json\/wp\/v2\/users\/1"}],"replies":[{"embeddable":true,"href":"https:\/\/amblubiana.esteri.it\/it\/wp-json\/wp\/v2\/comments?post=1781"}],"version-history":[{"count":0,"href":"https:\/\/amblubiana.esteri.it\/it\/wp-json\/wp\/v2\/posts\/1781\/revisions"}],"wp:attachment":[{"href":"https:\/\/amblubiana.esteri.it\/it\/wp-json\/wp\/v2\/media?parent=1781"}],"wp:term":[{"taxonomy":"post_tag","embeddable":true,"href":"https:\/\/amblubiana.esteri.it\/it\/wp-json\/wp\/v2\/tags?post=1781"}],"curies":[{"name":"wp","href":"https:\/\/api.w.org\/{rel}","templated":true}]}}