{"id":1797,"date":"2018-03-05T15:39:00","date_gmt":"2018-03-05T14:39:00","guid":{"rendered":"https:\/\/amblubiana.esteri.it\/news\/dall_ambasciata\/2018\/03\/ii-edizione-dell-italian-design\/"},"modified":"2018-03-05T15:39:00","modified_gmt":"2018-03-05T14:39:00","slug":"ii-edizione-dell-italian-design","status":"publish","type":"post","link":"https:\/\/amblubiana.esteri.it\/it\/news\/dall_ambasciata\/2018\/03\/ii-edizione-dell-italian-design\/","title":{"rendered":"II^ edizione dell&#8217;Italian Design Day (1\u00b0 marzo 2018)"},"content":{"rendered":"<p>Si \u00e8 svolto gioved\u00ec 1\u00b0 marzo u.s. nella sede del Museo di Architettura e Design presso il Castello di Fu\u017eine, l&#8217;Italian Design Day, intitolato quest&#8217;anno <em>Broken Nature: design e sostenibilit\u00e0.<\/em> Il tema, in connessione con la XXII Triennale di Milano che avr\u00e0 luogo nel 2019, \u00e8 il rapporto tra design, progettazione sostenibile e tutela dell&#8217;ambiente. Ospite dall\u2019Italia l\u2019affermata studiosa e curatrice Chiara Alessi, accompagnata dalla collega slovena Barbara Predan.<\/p>\n<p><img loading=\"lazy\" decoding=\"async\" src=\"resource\/img\/2018\/03\/28516428_1888751524470614_4011608748275331788_o.jpg\" alt=\"28516428 1888751524470614 4011608748275331788 o\" width=\"700\" height=\"525\" \/><\/p>\n<p><a href=\"http:\/\/amblubiana.esteri.it\/ambasciata_lubiana\/resource\/doc\/2018\/03\/saluto_italian_design_day_2018.pdf\">Intervento dell&#8217;Ambasciatore Trichilo<\/a><\/p>\n","protected":false},"excerpt":{"rendered":"Si \u00e8 svolto gioved\u00ec 1\u00b0 marzo u.s. nella sede del Museo di Architettura e Design presso il Castello di Fu\u017eine, l&#8217;Italian Design Day, intitolato quest&#8217;anno Broken Nature: design e sostenibilit\u00e0. Il tema, in connessione con la XXII Triennale di Milano che avr\u00e0 luogo nel 2019, \u00e8 il rapporto tra design, progettazione sostenibile e tutela dell&#8217;ambiente. [&hellip;]","protected":false},"author":1,"featured_media":0,"comment_status":"","ping_status":"","sticky":false,"template":"","format":"standard","meta":{"footnotes":""},"tags":[],"class_list":["post-1797","post","type-post","status-publish","format-standard","hentry"],"_links":{"self":[{"href":"https:\/\/amblubiana.esteri.it\/it\/wp-json\/wp\/v2\/posts\/1797","targetHints":{"allow":["GET"]}}],"collection":[{"href":"https:\/\/amblubiana.esteri.it\/it\/wp-json\/wp\/v2\/posts"}],"about":[{"href":"https:\/\/amblubiana.esteri.it\/it\/wp-json\/wp\/v2\/types\/post"}],"author":[{"embeddable":true,"href":"https:\/\/amblubiana.esteri.it\/it\/wp-json\/wp\/v2\/users\/1"}],"replies":[{"embeddable":true,"href":"https:\/\/amblubiana.esteri.it\/it\/wp-json\/wp\/v2\/comments?post=1797"}],"version-history":[{"count":0,"href":"https:\/\/amblubiana.esteri.it\/it\/wp-json\/wp\/v2\/posts\/1797\/revisions"}],"wp:attachment":[{"href":"https:\/\/amblubiana.esteri.it\/it\/wp-json\/wp\/v2\/media?parent=1797"}],"wp:term":[{"taxonomy":"post_tag","embeddable":true,"href":"https:\/\/amblubiana.esteri.it\/it\/wp-json\/wp\/v2\/tags?post=1797"}],"curies":[{"name":"wp","href":"https:\/\/api.w.org\/{rel}","templated":true}]}}