{"id":1809,"date":"2018-03-01T14:20:35","date_gmt":"2018-03-01T13:20:35","guid":{"rendered":"https:\/\/amblubiana.esteri.it\/news\/dall_ambasciata\/2018\/03\/consultazioni-del-segretario-generale\/"},"modified":"2018-03-01T14:20:35","modified_gmt":"2018-03-01T13:20:35","slug":"consultazioni-del-segretario-generale","status":"publish","type":"post","link":"https:\/\/amblubiana.esteri.it\/it\/news\/dall_ambasciata\/2018\/03\/consultazioni-del-segretario-generale\/","title":{"rendered":"Consultazioni del Segretario Generale, Amb. Elisabetta Belloni, con il Segretario di Stato agli Esteri, Amb. Iztok Miro\u0161i\u010d"},"content":{"rendered":"<p>Mercoled\u00ec 28 febbraio u.s. il Segretario Generale MAECI, Amb. Elisabetta Belloni, ha incontrato\u00a0a Lubiana il Segretario di Stato agli Esteri, Amb.\u00a0Iztok Miro\u0161i\u010d.<\/p>\n<p><img loading=\"lazy\" decoding=\"async\" src=\"resource\/img\/2018\/03\/ds_miroi_elisabetta_belloni_3.jpg\" alt=\"ds miroi elisabetta belloni 3\" width=\"700\" height=\"481\" \/><\/p>\n<p><em>Firma dell\u2019Accordo di collaborazione nei settori della cultura e dell&#8217;istruzione tra il Governo della Repubblica Italiana ed il Governo della Repubblica di Slovenia.<\/em><\/p>\n","protected":false},"excerpt":{"rendered":"Mercoled\u00ec 28 febbraio u.s. il Segretario Generale MAECI, Amb. Elisabetta Belloni, ha incontrato\u00a0a Lubiana il Segretario di Stato agli Esteri, Amb.\u00a0Iztok Miro\u0161i\u010d. Firma dell\u2019Accordo di collaborazione nei settori della cultura e dell&#8217;istruzione tra il Governo della Repubblica Italiana ed il Governo della Repubblica di Slovenia.","protected":false},"author":1,"featured_media":0,"comment_status":"","ping_status":"","sticky":false,"template":"","format":"standard","meta":{"footnotes":""},"tags":[],"class_list":["post-1809","post","type-post","status-publish","format-standard","hentry"],"_links":{"self":[{"href":"https:\/\/amblubiana.esteri.it\/it\/wp-json\/wp\/v2\/posts\/1809","targetHints":{"allow":["GET"]}}],"collection":[{"href":"https:\/\/amblubiana.esteri.it\/it\/wp-json\/wp\/v2\/posts"}],"about":[{"href":"https:\/\/amblubiana.esteri.it\/it\/wp-json\/wp\/v2\/types\/post"}],"author":[{"embeddable":true,"href":"https:\/\/amblubiana.esteri.it\/it\/wp-json\/wp\/v2\/users\/1"}],"replies":[{"embeddable":true,"href":"https:\/\/amblubiana.esteri.it\/it\/wp-json\/wp\/v2\/comments?post=1809"}],"version-history":[{"count":0,"href":"https:\/\/amblubiana.esteri.it\/it\/wp-json\/wp\/v2\/posts\/1809\/revisions"}],"wp:attachment":[{"href":"https:\/\/amblubiana.esteri.it\/it\/wp-json\/wp\/v2\/media?parent=1809"}],"wp:term":[{"taxonomy":"post_tag","embeddable":true,"href":"https:\/\/amblubiana.esteri.it\/it\/wp-json\/wp\/v2\/tags?post=1809"}],"curies":[{"name":"wp","href":"https:\/\/api.w.org\/{rel}","templated":true}]}}