{"id":2329,"date":"2016-11-11T13:24:39","date_gmt":"2016-11-11T12:24:39","guid":{"rendered":"https:\/\/amblubiana.esteri.it\/news\/dall_ambasciata\/2016\/11\/commemorazione-al-cimitero-zale\/"},"modified":"2016-11-11T13:24:39","modified_gmt":"2016-11-11T12:24:39","slug":"commemorazione-al-cimitero-zale","status":"publish","type":"post","link":"https:\/\/amblubiana.esteri.it\/it\/news\/dall_ambasciata\/2016\/11\/commemorazione-al-cimitero-zale\/","title":{"rendered":"Commemorazione presso il Cimitero di \u017dale"},"content":{"rendered":"<p>Si \u00e8 svolta marted\u00ec 8 novembre 2016 alle ore 11.30 la consueta celebrazione presso il Cimitero Militare Italiano e l\u2019Ossario Sloveno siti all\u2019interno del cimitero di \u017dale (LJ).<\/p>\n<p>\u00a0<\/p>\n<p>\u00a0<\/p>\n<p><img loading=\"lazy\" decoding=\"async\" src=\"resource\/img\/2016\/11\/img_6962.jpg\" alt=\"img 6962\" width=\"500\" height=\"750\" \/><\/p>\n<p>\u00a0<\/p>\n<p>\u00a0<\/p>\n<p>\u00a0<\/p>\n","protected":false},"excerpt":{"rendered":"Si \u00e8 svolta marted\u00ec 8 novembre 2016 alle ore 11.30 la consueta celebrazione presso il Cimitero Militare Italiano e l\u2019Ossario Sloveno siti all\u2019interno del cimitero di \u017dale (LJ). \u00a0 \u00a0 \u00a0 \u00a0 \u00a0","protected":false},"author":1,"featured_media":0,"comment_status":"","ping_status":"","sticky":false,"template":"","format":"standard","meta":{"footnotes":""},"tags":[],"class_list":["post-2329","post","type-post","status-publish","format-standard","hentry"],"_links":{"self":[{"href":"https:\/\/amblubiana.esteri.it\/it\/wp-json\/wp\/v2\/posts\/2329","targetHints":{"allow":["GET"]}}],"collection":[{"href":"https:\/\/amblubiana.esteri.it\/it\/wp-json\/wp\/v2\/posts"}],"about":[{"href":"https:\/\/amblubiana.esteri.it\/it\/wp-json\/wp\/v2\/types\/post"}],"author":[{"embeddable":true,"href":"https:\/\/amblubiana.esteri.it\/it\/wp-json\/wp\/v2\/users\/1"}],"replies":[{"embeddable":true,"href":"https:\/\/amblubiana.esteri.it\/it\/wp-json\/wp\/v2\/comments?post=2329"}],"version-history":[{"count":0,"href":"https:\/\/amblubiana.esteri.it\/it\/wp-json\/wp\/v2\/posts\/2329\/revisions"}],"wp:attachment":[{"href":"https:\/\/amblubiana.esteri.it\/it\/wp-json\/wp\/v2\/media?parent=2329"}],"wp:term":[{"taxonomy":"post_tag","embeddable":true,"href":"https:\/\/amblubiana.esteri.it\/it\/wp-json\/wp\/v2\/tags?post=2329"}],"curies":[{"name":"wp","href":"https:\/\/api.w.org\/{rel}","templated":true}]}}