{"id":3066,"date":"2013-09-04T15:14:11","date_gmt":"2013-09-04T13:14:11","guid":{"rendered":"https:\/\/amblubiana.esteri.it\/news\/dall_ambasciata\/2013\/09\/pm-bled-strategic-forum\/"},"modified":"2013-09-04T15:14:11","modified_gmt":"2013-09-04T13:14:11","slug":"pm-bled-strategic-forum","status":"publish","type":"post","link":"https:\/\/amblubiana.esteri.it\/it\/news\/dall_ambasciata\/2013\/09\/pm-bled-strategic-forum\/","title":{"rendered":"PARTECIPAZIONE DEL PRESIDENTE DEL CONSIGLIO ENRICO LETTA AL BLED STRATEGIC FORUM"},"content":{"rendered":"<p><P>Il Presidente del Consiglio Enrico Letta ha partecipato il 3 settembre 2013 alla cerimonia di apertura del &#8220;Bled Strategic Forum&#8221;, la principale conferenza internazionale in Slovenia, intervenendo insieme al Presidente\u00a0sloveno Borut Pahor e al Presidente austriaco Heinz Fischer al panel principale\u00a0dedicato ai cambiamenti in atto nel mondo\u00a0e al ruolo dell&#8217;Europa. Il Presidente Letta ha quindi avuto un colloquio con il Presidente Pahor seguito da un tete a tete con la Premier slovena Alenka Bratusek. Al Forum di Bled \u00e8 intervenuto anche il Presidente della SIOI Franco Frattini, gi\u00e0 Vice Presidente della Commissione Europea e due volte Ministro degli Esteri, che ha incontrato a margine il Ministro della Difesa sloveno, Roman Jakic.<BR><BR>Per maggiori informazioni, consultare:<BR><SPAN style=\"mso-list: Ignore\">&#8211;<SPAN style=\"FONT: 7pt 'Times New Roman'\">\u00a0\u00a0\u00a0\u00a0\u00a0\u00a0\u00a0\u00a0<\/SPAN><\/SPAN>il <FONT color=\"#0854a4\"><A title=\"sito del Governo italiano\" href=\"http:\/\/www.governo.it\/Notizie\/Palazzo%20Chigi\/dettaglio.asp?d=72703\">sito del Governo italiano<\/A><\/FONT>;<BR><SPAN style=\"mso-list: Ignore\">&#8211;<SPAN style=\"FONT: 7pt 'Times New Roman'\">\u00a0\u00a0\u00a0\u00a0\u00a0\u00a0\u00a0\u00a0<\/SPAN><\/SPAN><FONT color=\"#0854a4\"><A title=\"il sito del Governo sloveno\" href=\"http:\/\/www.kpv.gov.si\/nc\/si\/medijsko_sredisce\/novica\/article\/1914\/6958\/\">il sito del Governo sloveno<\/A><\/FONT> (in sloveno)<BR>&#8211;\u00a0\u00a0\u00a0\u00a0<A href=\"http:\/\/www.up-rs.si\/up-rs\/uprs.nsf\/objave\/9A57CCBA187D4961C1257BDB003CD955?OpenDocument\">il sito della Presidenza della Repubblica slovena<\/A> (in sloveno)<BR>&#8211;\u00a0\u00a0\u00a0 il <A href=\"http:\/\/bledstrategicforum.org\/\">sito del Bled Strategic Forum<\/A> (in inglese)<BR>&#8211;\u00a0\u00a0\u00a0 il Comunicato stampa del Ministro della Difesa Jakic (traduzione in fondo alla pagina)<BR><BR><BR><IMG style=\"WIDTH: 426px; HEIGHT: 335px\" alt=\"Letta saluta Bratusek.\" src=\"http:\/\/www.governo.it\/backoffice\/allegati\/72711-img.gif\" width=\"446\" height=\"441\"><BR>Il Primo Ministro Bratusek con il Presidente del Consiglio Letta<BR><BR><BR>\u00a0 <IMG style=\"WIDTH: 416px; HEIGHT: 377px\" alt=\"L'intervento di Letta.\" src=\"http:\/\/www.governo.it\/backoffice\/allegati\/72712-img.gif\" width=\"422\" height=\"575\"><BR>Il Presidente del Consiglio Enrico Letta durante la sessione pomeridiana di lavoro<BR>dal titolo \u201cChanging Europe in a changing world\u201d del Bled Strategic Forum<BR><BR><BR><A style=\"MARGIN-LEFT: auto; MARGIN-RIGHT: auto\" title=\"\" href=\"http:\/\/2.bp.blogspot.com\/-o8qrAxwAtAc\/Uib5wLnN-4I\/AAAAAAAAEBw\/h5oNhypUXCo\/s1600\/BLED+25.jpg\" imageanchor=\"1\"><IMG style=\"WIDTH: 423px; HEIGHT: 259px\" src=\"http:\/\/2.bp.blogspot.com\/-o8qrAxwAtAc\/Uib5wLnN-4I\/AAAAAAAAEBw\/h5oNhypUXCo\/s320\/BLED+25.jpg\" width=\"320\" height=\"213\"><\/A><BR>Il Presidente della SIOI Franco Frattini con il Ministro degli Esteri sloveno Roman Jakic<BR><BR><BR><FONT size=\"3\"><FONT face=\"Times New Roman\"><SPAN style=\"COLOR: #222222\"><STRONG>Il Ministro della Difesa ha partecipato al Forum Strategico di Bled<BR><\/STRONG><\/SPAN><\/FONT><\/FONT><SPAN style=\"COLOR: #222222\"><?xml:namespace prefix = \"o\" ns = \"urn:schemas-microsoft-com:office:office\" \/><o:p><FONT size=\"3\" face=\"Times New Roman\"><EM>traduzione del Comunicato stampa pubblicato sul sito del Ministero della Difesa sloveno<\/EM>\u00a0<\/FONT><\/o:p><\/SPAN><\/P><P style=\"TEXT-ALIGN: justify; MARGIN: 0cm 0cm 0pt\" class=\"MsoNormal\"><FONT size=\"3\"><FONT face=\"Times New Roman\"><SPAN style=\"COLOR: #222222\">Il Ministro della Difesa, Roman Jakic, ha partecipato il 3 settembre al Forum Strategico di Bled come relatore nel panel dal titolo \u201c<\/SPAN><SPAN style=\"COLOR: #222222; mso-ansi-language: EN-US\" lang=\"EN-US\">The EU and the Turky \u2013<\/SPAN><FONT color=\"#000000\"><SPAN style=\"mso-ansi-language: EN-US\" lang=\"EN-US\"> where do we go from here?\u201d<\/SPAN><SPAN lang=\"EN-US\"> <\/SPAN>Il dibattito si \u00e8 focalizzato principalmente sull\u2019importanza dell\u2019integrazione europea dei Paesi dei Balcani occidentali e sul futuro della Turchia nell\u2019Unione europea, per il suo ruolo strategico ed economico nel contesto regionale e globale. Il Ministro <\/FONT><SPAN style=\"COLOR: #222222\">Jakic ha definito la Turchia come Paese amico ed alleato credibile, il cui percorso \u00e8 avviato verso ad un futuro comune.<BR><BR><\/SPAN><\/FONT><\/FONT><FONT size=\"3\"><FONT face=\"Times New Roman\"><SPAN style=\"COLOR: #222222\">Il Ministro ha incontrato separatamente il Presidente della Societ\u00e0 Italiana per l\u2019Organizzazione Internazionale, il <B style=\"mso-bidi-font-weight: normal\">Dott. Franco FRATTINI<\/B>,<B style=\"mso-bidi-font-weight: normal\"> <\/B>assicurandogli sostegno per la sua candidatura a Segretario Generale della NATO. Successivamente ha avuto un colloquio con l\u2019Ambasciatore <\/SPAN><FONT color=\"#000000\">Kolinda Grabar Kitarovi\u0107, Assistente del Segretario Generale della NATO per la Diplomazia Pubblica. Infine ha incontrato la Dott.essa Vesna Pusic, Vice Primo Ministro croato e Ministro degli Affari Esteri ed Europei.<BR><BR><\/FONT><\/FONT><\/FONT><FONT color=\"#000000\" size=\"3\" face=\"Times New Roman\">Negli ultimi sette anni il Forum Strategico di Bled (Bled Strategic Forum \u2013 BSF) si \u00e8 affermato come uno dei pi\u00f9 importanti appuntamenti annuali di politici, imprenditori ed accademici, ed \u00e8 divenuto una manifestazione di rilievo internazionale. Come Forum globale, ha attratto partecipanti di pi\u00f9 di 50 stati.<BR><BR><\/FONT><\/P><\/p>\n","protected":false},"excerpt":{"rendered":"Il Presidente del Consiglio Enrico Letta ha partecipato il 3 settembre 2013 alla cerimonia di apertura del &#8220;Bled Strategic Forum&#8221;, la principale conferenza internazionale in Slovenia, intervenendo insieme al Presidente\u00a0sloveno Borut Pahor e al Presidente austriaco Heinz Fischer al panel principale\u00a0dedicato ai cambiamenti in atto nel mondo\u00a0e al ruolo dell&#8217;Europa. Il Presidente Letta ha quindi [&hellip;]","protected":false},"author":1,"featured_media":0,"comment_status":"","ping_status":"","sticky":false,"template":"","format":"standard","meta":{"footnotes":""},"tags":[],"class_list":["post-3066","post","type-post","status-publish","format-standard","hentry"],"_links":{"self":[{"href":"https:\/\/amblubiana.esteri.it\/it\/wp-json\/wp\/v2\/posts\/3066","targetHints":{"allow":["GET"]}}],"collection":[{"href":"https:\/\/amblubiana.esteri.it\/it\/wp-json\/wp\/v2\/posts"}],"about":[{"href":"https:\/\/amblubiana.esteri.it\/it\/wp-json\/wp\/v2\/types\/post"}],"author":[{"embeddable":true,"href":"https:\/\/amblubiana.esteri.it\/it\/wp-json\/wp\/v2\/users\/1"}],"replies":[{"embeddable":true,"href":"https:\/\/amblubiana.esteri.it\/it\/wp-json\/wp\/v2\/comments?post=3066"}],"version-history":[{"count":0,"href":"https:\/\/amblubiana.esteri.it\/it\/wp-json\/wp\/v2\/posts\/3066\/revisions"}],"wp:attachment":[{"href":"https:\/\/amblubiana.esteri.it\/it\/wp-json\/wp\/v2\/media?parent=3066"}],"wp:term":[{"taxonomy":"post_tag","embeddable":true,"href":"https:\/\/amblubiana.esteri.it\/it\/wp-json\/wp\/v2\/tags?post=3066"}],"curies":[{"name":"wp","href":"https:\/\/api.w.org\/{rel}","templated":true}]}}