{"id":842,"date":"2023-05-25T10:58:43","date_gmt":"2023-05-25T08:58:43","guid":{"rendered":"https:\/\/amblubiana.esteri.it\/news\/dall_ambasciata\/2023\/05\/a-lubiana-l-italian-design-day_0\/"},"modified":"2023-05-25T10:58:43","modified_gmt":"2023-05-25T08:58:43","slug":"a-lubiana-l-italian-design-day_0","status":"publish","type":"post","link":"https:\/\/amblubiana.esteri.it\/it\/news\/dall_ambasciata\/2023\/05\/a-lubiana-l-italian-design-day_0\/","title":{"rendered":"A Lubiana l\u2019Italian Design Day 2023 nell\u2019ambito del BIG Architecture Festival."},"content":{"rendered":"<p style=\"text-align: justify;\">Si \u00e8 recentemente celebrata a Lubiana la VII Giornata del Design Italiano con una conferenza dell\u2019Architetto Giulia Fini, Docente di Tecnica e Pianificazione Urbanistica presso l\u2019Universit\u00e0 di Udine, \u201cAmbasciatore Italiano del Design\u201d per la Slovenia. Per conferire maggiore rilevanza all\u2019evento e creare utili sinergie in loco, quest\u2019anno la conferenza si \u00e8 svolta all\u2019interno del tradizionale Festival \u201cBIG Architecture\u201d. La tematica di fondo di BIG Architecture 2023 \u201cIl futuro ti osserva\u201d \u00e8 stata dunque coniugata con il tema dell\u2019IDD 2023, \u201cLa qualit\u00e0 che illumina. L\u2019energia del design per le persone e per l\u2019ambiente\u201d: si \u00e8 cos\u00ec inteso mettere in evidenza il fatto che la qualit\u00e0 sia uno strumento indispensabile per trattare le sfide contemporanee e cercare di rispondere fin da oggi alle necessit\u00e0 future. ll Festival BIG Architettura \u00e8 da oltre 15 anni l\u2019evento di maggior rilievo del settore in Slovenia ed \u00e8 dedicato ad architetti, interior designer, ingegneri, sviluppatori immobiliari, project leader e urbanisti. Oltre a spazi dedicati agli espositori, nell\u2019ambito di Big Architettura sono previste ogni anno delle premiazioni di architetti\/designer dell\u2019area del Sud-Est Europa, selezionati in base a specifici progetti selezionati per le diverse tematiche trattate. All\u2019Italia quest\u2019anno sono stati assegnati 47 riconoscimenti. La Conferenza \u00e8 stata organizzata dall\u2019Ufficio ICE di Lubiana nel quadro delle iniziative di \u201cPromozione Integrata\u201d con il concorso e sotto il coordinamento dell\u2019Ambasciata d\u2019Italia in Slovenia. La partecipazione della testimonial italiana \u00e8 stata affiancata da una prestigiosa controparte slovena: la Prof.ssa Polona Filipi\u010d Goren\u0161ek, docente e Membro del Consiglio Accademico del Dipartimento di Urbanistica presso la Facolt\u00e0 di Architettura dell&#8217;Universit\u00e0 di Lubiana. Nel corso del dibattito i due architetti si sono confrontati sul tema della rigenerazione degli spazi urbani. Si tratta di tematiche di grande attualit\u00e0 sia per l\u2019Italia che per la Slovenia, Paesi entrambi impegnati da anni nell\u2019individuare soluzioni green e risposte sostenibili per un equo sviluppo urbano. A margine dell\u2019evento, l\u2019Ambasciatore d\u2019Italia in Slovenia Carlo Campanile ha sottolineato che questi temi richiamano gli stessi concetti ispiratori della candidatura di Roma all\u2019Expo 2030 che, all\u2019insegna di Persone e Territori: Rigenerazione, Inclusione e Innovazione, pone l\u2019accento proprio sulla rigenerazione urbana, l\u2019inclusivit\u00e0 e l\u2019innovazione.<\/p>\n<p style=\"text-align: justify;\"><img decoding=\"async\" src=\"resource\/img\/2023\/05\/idd_2023.jpg\" alt=\"idd 2023\" \/><\/p>\n<p style=\"text-align: justify;\">\u00a0<\/p>\n<p style=\"text-align: justify;\">\u00a0<\/p>\n<p style=\"text-align: justify;\">\u00a0<\/p>\n<p>F<a href=\"resource\/img\/2023\/05\/idd_2023.jpg\">OTO<\/a><\/p>\n","protected":false},"excerpt":{"rendered":"Si \u00e8 recentemente celebrata a Lubiana la VII Giornata del Design Italiano con una conferenza dell\u2019Architetto Giulia Fini, Docente di Tecnica e Pianificazione Urbanistica presso l\u2019Universit\u00e0 di Udine, \u201cAmbasciatore Italiano del Design\u201d per la Slovenia. Per conferire maggiore rilevanza all\u2019evento e creare utili sinergie in loco, quest\u2019anno la conferenza si \u00e8 svolta all\u2019interno del tradizionale [&hellip;]","protected":false},"author":1,"featured_media":0,"comment_status":"","ping_status":"","sticky":false,"template":"","format":"standard","meta":{"footnotes":""},"tags":[],"class_list":["post-842","post","type-post","status-publish","format-standard","hentry"],"_links":{"self":[{"href":"https:\/\/amblubiana.esteri.it\/it\/wp-json\/wp\/v2\/posts\/842","targetHints":{"allow":["GET"]}}],"collection":[{"href":"https:\/\/amblubiana.esteri.it\/it\/wp-json\/wp\/v2\/posts"}],"about":[{"href":"https:\/\/amblubiana.esteri.it\/it\/wp-json\/wp\/v2\/types\/post"}],"author":[{"embeddable":true,"href":"https:\/\/amblubiana.esteri.it\/it\/wp-json\/wp\/v2\/users\/1"}],"replies":[{"embeddable":true,"href":"https:\/\/amblubiana.esteri.it\/it\/wp-json\/wp\/v2\/comments?post=842"}],"version-history":[{"count":0,"href":"https:\/\/amblubiana.esteri.it\/it\/wp-json\/wp\/v2\/posts\/842\/revisions"}],"wp:attachment":[{"href":"https:\/\/amblubiana.esteri.it\/it\/wp-json\/wp\/v2\/media?parent=842"}],"wp:term":[{"taxonomy":"post_tag","embeddable":true,"href":"https:\/\/amblubiana.esteri.it\/it\/wp-json\/wp\/v2\/tags?post=842"}],"curies":[{"name":"wp","href":"https:\/\/api.w.org\/{rel}","templated":true}]}}