{"id":1289,"date":"2020-01-09T15:03:12","date_gmt":"2020-01-09T14:03:12","guid":{"rendered":"https:\/\/amblubiana.esteri.it\/news\/dall_ambasciata\/2020\/01\/conclusione-della-missione-dell-2\/"},"modified":"2020-01-09T15:03:12","modified_gmt":"2020-01-09T14:03:12","slug":"conclusione-della-missione-dell-2","status":"publish","type":"post","link":"https:\/\/amblubiana.esteri.it\/sl\/news\/dall_ambasciata\/2020\/01\/conclusione-della-missione-dell-2\/","title":{"rendered":"Zaklju\u010dek mandata veleposlanika Trichila"},"content":{"rendered":"<p>Ob zaklju\u010dku \u0161tiriletnega mandata v Sloveniji se je veleposlanik Trichilo poslovil z<br \/>govoroma na skup\u0161\u010dini Italijansko-slovenskega foruma in na koncertu orkestra<br \/>mandolin z Kopra, ki ga je organizirala italijanska narodna skupnost. Intervju<br \/>z njim je dostopen na spletni strani RTV Koper, oddaja TUTTOGGI Attualit\u00e0 20.<br \/>decembra 2019.<\/p>\n<p><img decoding=\"async\" src=\"resource\/img\/2020\/01\/lubiana_17.jpg\" alt=\"lubiana 17\" \/><\/p>\n","protected":false},"excerpt":{"rendered":"Ob zaklju\u010dku \u0161tiriletnega mandata v Sloveniji se je veleposlanik Trichilo poslovil zgovoroma na skup\u0161\u010dini Italijansko-slovenskega foruma in na koncertu orkestramandolin z Kopra, ki ga je organizirala italijanska narodna skupnost. Intervjuz njim je dostopen na spletni strani RTV Koper, oddaja TUTTOGGI Attualit\u00e0 20.decembra 2019.","protected":false},"author":1,"featured_media":0,"comment_status":"","ping_status":"","sticky":false,"template":"","format":"standard","meta":{"footnotes":""},"tags":[],"class_list":["post-1289","post","type-post","status-publish","format-standard","hentry"],"_links":{"self":[{"href":"https:\/\/amblubiana.esteri.it\/sl\/wp-json\/wp\/v2\/posts\/1289","targetHints":{"allow":["GET"]}}],"collection":[{"href":"https:\/\/amblubiana.esteri.it\/sl\/wp-json\/wp\/v2\/posts"}],"about":[{"href":"https:\/\/amblubiana.esteri.it\/sl\/wp-json\/wp\/v2\/types\/post"}],"author":[{"embeddable":true,"href":"https:\/\/amblubiana.esteri.it\/sl\/wp-json\/wp\/v2\/users\/1"}],"replies":[{"embeddable":true,"href":"https:\/\/amblubiana.esteri.it\/sl\/wp-json\/wp\/v2\/comments?post=1289"}],"version-history":[{"count":0,"href":"https:\/\/amblubiana.esteri.it\/sl\/wp-json\/wp\/v2\/posts\/1289\/revisions"}],"wp:attachment":[{"href":"https:\/\/amblubiana.esteri.it\/sl\/wp-json\/wp\/v2\/media?parent=1289"}],"wp:term":[{"taxonomy":"post_tag","embeddable":true,"href":"https:\/\/amblubiana.esteri.it\/sl\/wp-json\/wp\/v2\/tags?post=1289"}],"curies":[{"name":"wp","href":"https:\/\/api.w.org\/{rel}","templated":true}]}}