{"id":1335,"date":"2019-11-18T10:44:46","date_gmt":"2019-11-18T09:44:46","guid":{"rendered":"https:\/\/amblubiana.esteri.it\/news\/dall_ambasciata\/2019\/11\/acqua-alta-a-venezia-campagna-di-2\/"},"modified":"2019-11-18T10:44:46","modified_gmt":"2019-11-18T09:44:46","slug":"acqua-alta-a-venezia-campagna-di-2","status":"publish","type":"post","link":"https:\/\/amblubiana.esteri.it\/sl\/news\/dall_ambasciata\/2019\/11\/acqua-alta-a-venezia-campagna-di-2\/","title":{"rendered":"Poplave v Benetkah: solidarnostna kampanja"},"content":{"rendered":"<p>Zaradi izrednega<br \/>plimovanja, ki je prizadelo Benetke, je italijansko ministrstvo za zunanje<br \/>zadeve in mednarodno sodelovanje sklenilo, da podpre solidarnostna prizadevanja<br \/>v prid prebivalstva in hudo po\u0161kodovane umetni\u0161ke ter kulturne dedi\u0161\u010dine,<br \/>za\u010den\u0161i z zbiranjem prispevkov, na pobudo \u017eupana Benetk Luigija Brugnara.<\/p>\n<p>Prispevek ob izrednem stanju zaradi<br \/>poplav<\/p>\n<p>Naslovnik ra\u010duna: <strong>Comune di<\/strong><br \/><strong>Venezia &#8211; Emergenza acqua alta<\/strong><\/p>\n<p>Namen: <strong>Contributo emergenza acqua<\/strong><\/p>\n<p>Za nakazila iz Italije: IBAN: <strong>IT 24 T 03069 02117 100000 018767<\/strong><\/p>\n<p>Za nakazila iz tujine: poleg enake IBAN<br \/>je potrebno navesti BIC kodo.<\/p>\n<p>IBAN: <strong>IT 24 T 03069 02117 100000<\/strong><br \/><strong>018767<\/strong><\/p>\n<p>BIC: <strong>BCITITMM<\/strong><\/p>\n","protected":false},"excerpt":{"rendered":"Zaradi izrednegaplimovanja, ki je prizadelo Benetke, je italijansko ministrstvo za zunanjezadeve in mednarodno sodelovanje sklenilo, da podpre solidarnostna prizadevanjav prid prebivalstva in hudo po\u0161kodovane umetni\u0161ke ter kulturne dedi\u0161\u010dine,za\u010den\u0161i z zbiranjem prispevkov, na pobudo \u017eupana Benetk Luigija Brugnara. Prispevek ob izrednem stanju zaradipoplav Naslovnik ra\u010duna: Comune diVenezia &#8211; Emergenza acqua alta Namen: Contributo emergenza acqua Za [&hellip;]","protected":false},"author":1,"featured_media":0,"comment_status":"","ping_status":"","sticky":false,"template":"","format":"standard","meta":{"footnotes":""},"tags":[],"class_list":["post-1335","post","type-post","status-publish","format-standard","hentry"],"_links":{"self":[{"href":"https:\/\/amblubiana.esteri.it\/sl\/wp-json\/wp\/v2\/posts\/1335","targetHints":{"allow":["GET"]}}],"collection":[{"href":"https:\/\/amblubiana.esteri.it\/sl\/wp-json\/wp\/v2\/posts"}],"about":[{"href":"https:\/\/amblubiana.esteri.it\/sl\/wp-json\/wp\/v2\/types\/post"}],"author":[{"embeddable":true,"href":"https:\/\/amblubiana.esteri.it\/sl\/wp-json\/wp\/v2\/users\/1"}],"replies":[{"embeddable":true,"href":"https:\/\/amblubiana.esteri.it\/sl\/wp-json\/wp\/v2\/comments?post=1335"}],"version-history":[{"count":0,"href":"https:\/\/amblubiana.esteri.it\/sl\/wp-json\/wp\/v2\/posts\/1335\/revisions"}],"wp:attachment":[{"href":"https:\/\/amblubiana.esteri.it\/sl\/wp-json\/wp\/v2\/media?parent=1335"}],"wp:term":[{"taxonomy":"post_tag","embeddable":true,"href":"https:\/\/amblubiana.esteri.it\/sl\/wp-json\/wp\/v2\/tags?post=1335"}],"curies":[{"name":"wp","href":"https:\/\/api.w.org\/{rel}","templated":true}]}}