{"id":1782,"date":"2018-03-09T11:35:17","date_gmt":"2018-03-09T10:35:17","guid":{"rendered":"https:\/\/amblubiana.esteri.it\/news\/dall_ambasciata\/2018\/03\/visita-del-direttore-dell-itf-enhancing-2\/"},"modified":"2018-03-09T11:35:17","modified_gmt":"2018-03-09T10:35:17","slug":"visita-del-direttore-dell-itf-enhancing-2","status":"publish","type":"post","link":"https:\/\/amblubiana.esteri.it\/sl\/news\/dall_ambasciata\/2018\/03\/visita-del-direttore-dell-itf-enhancing-2\/","title":{"rendered":"Veleposlanik Trichilo sprejel direktorja ITF Ustanove za krepitev \u010dlovekove varnosti, vel. Toma\u017ea Lovren\u010di\u010da (6. februar 2018)"},"content":{"rendered":"<p>Veleposlanik Trichilo je v torek, 6. februarja, sprejel direktorja ITF Ustanove za krepitev \u010dlovekove varnosti, vel. Toma\u017ea Lovren\u010di\u010da.<\/p>\n<p><img loading=\"lazy\" decoding=\"async\" src=\"resource\/img\/2018\/03\/visita_dellamb._lovrencic_itf.jpg\" alt=\"visita dellamb. lovrencic itf\" width=\"700\" height=\"525\" \/><\/p>\n","protected":false},"excerpt":{"rendered":"Veleposlanik Trichilo je v torek, 6. februarja, sprejel direktorja ITF Ustanove za krepitev \u010dlovekove varnosti, vel. Toma\u017ea Lovren\u010di\u010da.","protected":false},"author":1,"featured_media":0,"comment_status":"","ping_status":"","sticky":false,"template":"","format":"standard","meta":{"footnotes":""},"tags":[],"class_list":["post-1782","post","type-post","status-publish","format-standard","hentry"],"_links":{"self":[{"href":"https:\/\/amblubiana.esteri.it\/sl\/wp-json\/wp\/v2\/posts\/1782","targetHints":{"allow":["GET"]}}],"collection":[{"href":"https:\/\/amblubiana.esteri.it\/sl\/wp-json\/wp\/v2\/posts"}],"about":[{"href":"https:\/\/amblubiana.esteri.it\/sl\/wp-json\/wp\/v2\/types\/post"}],"author":[{"embeddable":true,"href":"https:\/\/amblubiana.esteri.it\/sl\/wp-json\/wp\/v2\/users\/1"}],"replies":[{"embeddable":true,"href":"https:\/\/amblubiana.esteri.it\/sl\/wp-json\/wp\/v2\/comments?post=1782"}],"version-history":[{"count":0,"href":"https:\/\/amblubiana.esteri.it\/sl\/wp-json\/wp\/v2\/posts\/1782\/revisions"}],"wp:attachment":[{"href":"https:\/\/amblubiana.esteri.it\/sl\/wp-json\/wp\/v2\/media?parent=1782"}],"wp:term":[{"taxonomy":"post_tag","embeddable":true,"href":"https:\/\/amblubiana.esteri.it\/sl\/wp-json\/wp\/v2\/tags?post=1782"}],"curies":[{"name":"wp","href":"https:\/\/api.w.org\/{rel}","templated":true}]}}