{"id":1800,"date":"2018-03-05T15:39:00","date_gmt":"2018-03-05T14:39:00","guid":{"rendered":"https:\/\/amblubiana.esteri.it\/news\/dall_ambasciata\/2018\/03\/ii-edizione-dell-italian-design-2\/"},"modified":"2018-03-05T15:39:00","modified_gmt":"2018-03-05T14:39:00","slug":"ii-edizione-dell-italian-design-2","status":"publish","type":"post","link":"https:\/\/amblubiana.esteri.it\/sl\/news\/dall_ambasciata\/2018\/03\/ii-edizione-dell-italian-design-2\/","title":{"rendered":"2. Italian Design Day (1. marec 2018)"},"content":{"rendered":"<p>V \u010detrtek 1. marca, se je na sede\u017eu Muzeja za arhitekturo in oblikovanje na gradu Fu\u017eine v Ljubljani odvijal 2.\u00a0Italian Design Day, z naslovom: <em>Broken Nature: oblikovanje in trajnostni razvoj<\/em>.\u00a0Tematika dogodka povezanega z 22. Milanskim trienalom na sporedu leta 2019, je odnos med oblikovanjem, trajnostnim projektiranjem in varovanjem okolja. Gostja iz Italije je bila priznana raziskovalka in kuratorka Chiara Alessi, spremljala jo je\u00a0slovenska kolegica Barbara Predan.<\/p>\n<p><img loading=\"lazy\" decoding=\"async\" src=\"resource\/img\/2018\/03\/28516428_1888751524470614_4011608748275331788_o.jpg\" alt=\"28516428 1888751524470614 4011608748275331788 o\" width=\"700\" height=\"525\" \/><\/p>\n<p><a href=\"resource\/doc\/2018\/03\/2018-03-09_delo_alessi.pdf\">Delo &#8211; intervju s Chiaro Alessi<\/a><\/p>\n","protected":false},"excerpt":{"rendered":"V \u010detrtek 1. marca, se je na sede\u017eu Muzeja za arhitekturo in oblikovanje na gradu Fu\u017eine v Ljubljani odvijal 2.\u00a0Italian Design Day, z naslovom: Broken Nature: oblikovanje in trajnostni razvoj.\u00a0Tematika dogodka povezanega z 22. Milanskim trienalom na sporedu leta 2019, je odnos med oblikovanjem, trajnostnim projektiranjem in varovanjem okolja. Gostja iz Italije je bila priznana [&hellip;]","protected":false},"author":1,"featured_media":0,"comment_status":"","ping_status":"","sticky":false,"template":"","format":"standard","meta":{"footnotes":""},"tags":[],"class_list":["post-1800","post","type-post","status-publish","format-standard","hentry"],"_links":{"self":[{"href":"https:\/\/amblubiana.esteri.it\/sl\/wp-json\/wp\/v2\/posts\/1800","targetHints":{"allow":["GET"]}}],"collection":[{"href":"https:\/\/amblubiana.esteri.it\/sl\/wp-json\/wp\/v2\/posts"}],"about":[{"href":"https:\/\/amblubiana.esteri.it\/sl\/wp-json\/wp\/v2\/types\/post"}],"author":[{"embeddable":true,"href":"https:\/\/amblubiana.esteri.it\/sl\/wp-json\/wp\/v2\/users\/1"}],"replies":[{"embeddable":true,"href":"https:\/\/amblubiana.esteri.it\/sl\/wp-json\/wp\/v2\/comments?post=1800"}],"version-history":[{"count":0,"href":"https:\/\/amblubiana.esteri.it\/sl\/wp-json\/wp\/v2\/posts\/1800\/revisions"}],"wp:attachment":[{"href":"https:\/\/amblubiana.esteri.it\/sl\/wp-json\/wp\/v2\/media?parent=1800"}],"wp:term":[{"taxonomy":"post_tag","embeddable":true,"href":"https:\/\/amblubiana.esteri.it\/sl\/wp-json\/wp\/v2\/tags?post=1800"}],"curies":[{"name":"wp","href":"https:\/\/api.w.org\/{rel}","templated":true}]}}