{"id":1922,"date":"2017-11-24T14:32:51","date_gmt":"2017-11-24T13:32:51","guid":{"rendered":"https:\/\/amblubiana.esteri.it\/news\/dall_ambasciata\/2017\/11\/l-italia-aderisce-alla-campagna-2\/"},"modified":"2017-11-24T14:32:51","modified_gmt":"2017-11-24T13:32:51","slug":"l-italia-aderisce-alla-campagna-2","status":"publish","type":"post","link":"https:\/\/amblubiana.esteri.it\/sl\/news\/dall_ambasciata\/2017\/11\/l-italia-aderisce-alla-campagna-2\/","title":{"rendered":"Italija je pristopila h kampanji Zdru\u017eenih narodov za za\u0161\u010dito pravic \u017eensk in za boj proti vsakr\u0161ni obliki diskriminacije ter nasilja na podlagi spola"},"content":{"rendered":"<p>\u00a0<\/p>\n<p>Za\u0161\u010dita pravic \u017eensk in boj proti vsakr\u0161ni obliki diskriminacije ter nasilja na podlagi spola so<br \/>prednostna vpra\u0161anja, s katerimi se ukvarja Italija, tudi v mednarodnem merilu.<br \/>Ob mednarodnem dnevu za odpravo nasilja nad \u017eenskami je italijansko ministrsvo<br \/>za zunanje zadeve in mednarodno sodelovanje ponovno poudarilo zavezanost<br \/>prizadevanjem na tema podro\u010dju.<\/p>\n<p>Italija pri tem aktivno sodeluje na diplomatskem podro\u010dju, saj je v prvih vrstah mednarodnih kampanj<br \/>proti pohabljanju \u017eenskih genitalij in prezgodnjim ter nasilnim porokam, \u0161e<br \/>posebej z aktivno udele\u017ebo na pogajanjih<br \/>o resolucijah Generalne skup\u0161\u010dine in Sveta Zdru\u017eenih narodov za \u010dlovekove<br \/>pravice ter s financiranjem mednarodnih projektov za izkoreninjenje teh praks. Hkrati<br \/>podpira mednarodne pobude za prepre\u010devanje spolnega nasilja v konfliktnih in<br \/>izrednih razmerah, kot je npr. Call to Action on Protection from Gender-Based<br \/>Violences in Emergencies. \u017de dlje \u010dasa si prizadeva tudi za uveljavitev<br \/>politike ni\u010delne tolerance proti zlorabam in spolnemu izkori\u0161\u010danju; v ta namen<br \/>je septembra lani pristopila k Circle of Leadership, ki je nastal na pobudo<br \/>generalnega sekretarja OZN Guterresa, in podpisala Voluntary Compact, s katero<br \/>se je politi\u010dno zavezala, da bo izvajala ukrepe za prepre\u010devanje teh pojavov.<\/p>\n<p>Vpra\u0161anje samouresni\u010ditve<br \/>\u017eensk je bilo ena od glavnih to\u010dk italijanskega predsedovanja skupine G7, ki je<br \/>na vrhu v Taormini sprejela Roadmap for a gender-responsive economic<br \/>empowerment; temu je sledilo prvo sre\u010danje G7 za enake mo\u017enosti.<\/p>\n","protected":false},"excerpt":{"rendered":"\u00a0 Za\u0161\u010dita pravic \u017eensk in boj proti vsakr\u0161ni obliki diskriminacije ter nasilja na podlagi spola soprednostna vpra\u0161anja, s katerimi se ukvarja Italija, tudi v mednarodnem merilu.Ob mednarodnem dnevu za odpravo nasilja nad \u017eenskami je italijansko ministrsvoza zunanje zadeve in mednarodno sodelovanje ponovno poudarilo zavezanostprizadevanjem na tema podro\u010dju. Italija pri tem aktivno sodeluje na diplomatskem podro\u010dju, [&hellip;]","protected":false},"author":1,"featured_media":0,"comment_status":"","ping_status":"","sticky":false,"template":"","format":"standard","meta":{"footnotes":""},"tags":[],"class_list":["post-1922","post","type-post","status-publish","format-standard","hentry"],"_links":{"self":[{"href":"https:\/\/amblubiana.esteri.it\/sl\/wp-json\/wp\/v2\/posts\/1922","targetHints":{"allow":["GET"]}}],"collection":[{"href":"https:\/\/amblubiana.esteri.it\/sl\/wp-json\/wp\/v2\/posts"}],"about":[{"href":"https:\/\/amblubiana.esteri.it\/sl\/wp-json\/wp\/v2\/types\/post"}],"author":[{"embeddable":true,"href":"https:\/\/amblubiana.esteri.it\/sl\/wp-json\/wp\/v2\/users\/1"}],"replies":[{"embeddable":true,"href":"https:\/\/amblubiana.esteri.it\/sl\/wp-json\/wp\/v2\/comments?post=1922"}],"version-history":[{"count":0,"href":"https:\/\/amblubiana.esteri.it\/sl\/wp-json\/wp\/v2\/posts\/1922\/revisions"}],"wp:attachment":[{"href":"https:\/\/amblubiana.esteri.it\/sl\/wp-json\/wp\/v2\/media?parent=1922"}],"wp:term":[{"taxonomy":"post_tag","embeddable":true,"href":"https:\/\/amblubiana.esteri.it\/sl\/wp-json\/wp\/v2\/tags?post=1922"}],"curies":[{"name":"wp","href":"https:\/\/api.w.org\/{rel}","templated":true}]}}