{"id":2158,"date":"2017-03-23T11:59:54","date_gmt":"2017-03-23T10:59:54","guid":{"rendered":"https:\/\/amblubiana.esteri.it\/news\/dall_ambasciata\/2017\/03\/proiezione-del-documentario-doberdob-2\/"},"modified":"2017-03-23T11:59:54","modified_gmt":"2017-03-23T10:59:54","slug":"proiezione-del-documentario-doberdob-2","status":"publish","type":"post","link":"https:\/\/amblubiana.esteri.it\/sl\/news\/dall_ambasciata\/2017\/03\/proiezione-del-documentario-doberdob-2\/","title":{"rendered":"Projekcija dokumentarnega filma &#8220;Doberdob: Ungaretti\/Voranc&#8221; (Ljubljana, 22. marec 2017)"},"content":{"rendered":"<p>V sredo, 22. marca 2017, je bila\u00a0na Italijanskem in\u0161titutu za kulturo v Ljubljani projekcija dokumentarnega filma &#8220;Doberdob: Ungaretti\/Voranc&#8221;, v re\u017eiji Valentina Pe\u010denka. Sledila je razprava, na kateri sta sodelovala prof. Elvio Guagnini in prof. Miran Ko\u0161uta (Universit\u00e0 di Trieste).<\/p>\n","protected":false},"excerpt":{"rendered":"V sredo, 22. marca 2017, je bila\u00a0na Italijanskem in\u0161titutu za kulturo v Ljubljani projekcija dokumentarnega filma &#8220;Doberdob: Ungaretti\/Voranc&#8221;, v re\u017eiji Valentina Pe\u010denka. Sledila je razprava, na kateri sta sodelovala prof. Elvio Guagnini in prof. Miran Ko\u0161uta (Universit\u00e0 di Trieste).","protected":false},"author":1,"featured_media":0,"comment_status":"","ping_status":"","sticky":false,"template":"","format":"standard","meta":{"footnotes":""},"tags":[],"class_list":["post-2158","post","type-post","status-publish","format-standard","hentry"],"_links":{"self":[{"href":"https:\/\/amblubiana.esteri.it\/sl\/wp-json\/wp\/v2\/posts\/2158","targetHints":{"allow":["GET"]}}],"collection":[{"href":"https:\/\/amblubiana.esteri.it\/sl\/wp-json\/wp\/v2\/posts"}],"about":[{"href":"https:\/\/amblubiana.esteri.it\/sl\/wp-json\/wp\/v2\/types\/post"}],"author":[{"embeddable":true,"href":"https:\/\/amblubiana.esteri.it\/sl\/wp-json\/wp\/v2\/users\/1"}],"replies":[{"embeddable":true,"href":"https:\/\/amblubiana.esteri.it\/sl\/wp-json\/wp\/v2\/comments?post=2158"}],"version-history":[{"count":0,"href":"https:\/\/amblubiana.esteri.it\/sl\/wp-json\/wp\/v2\/posts\/2158\/revisions"}],"wp:attachment":[{"href":"https:\/\/amblubiana.esteri.it\/sl\/wp-json\/wp\/v2\/media?parent=2158"}],"wp:term":[{"taxonomy":"post_tag","embeddable":true,"href":"https:\/\/amblubiana.esteri.it\/sl\/wp-json\/wp\/v2\/tags?post=2158"}],"curies":[{"name":"wp","href":"https:\/\/api.w.org\/{rel}","templated":true}]}}