{"id":2314,"date":"2016-11-23T10:33:14","date_gmt":"2016-11-23T09:33:14","guid":{"rendered":"https:\/\/amblubiana.esteri.it\/news\/dall_ambasciata\/2016\/11\/inaugurazione-del-nuovo-stabilimento-2\/"},"modified":"2016-11-23T10:33:14","modified_gmt":"2016-11-23T09:33:14","slug":"inaugurazione-del-nuovo-stabilimento-2","status":"publish","type":"post","link":"https:\/\/amblubiana.esteri.it\/sl\/news\/dall_ambasciata\/2016\/11\/inaugurazione-del-nuovo-stabilimento-2\/","title":{"rendered":"Odprtje tovarne italijanske dru\u017ebe Novo Meko v Vojniku"},"content":{"rendered":"<p>V petek, 18. novembra, je dru\u017eba Novo Meko &#8211; ob prisotnosti veleposlanika Italije v Ljubljani &#8211; v Vojniku odprla visokotehnolo\u0161ko tovarno.<\/p>\n<p>Dru\u017ebo Novo Meko sta v Celju pred tremi leti ustanovili italijanski dru\u017ebi Demo Meko Technology in Avio-Composite.<\/p>\n<p>Link:<\/p>\n<p><a href=\"https:\/\/krog.sta.si\/2326789\/druzba-novo-meko-v-vojniku-odpira-visokotehnolosko-tovarno\">STA<\/a><\/p>\n<p><a href=\"http:\/\/www.delo.si\/gospodarstvo\/podjetja\/v-vojniku-bodo-delali-tudi-za-vesoljsko-industrijo.html\">Delo<\/a><\/p>\n<p>\u00a0<\/p>\n<p><img loading=\"lazy\" decoding=\"async\" src=\"resource\/img\/2016\/11\/novo_meko.jpeg\" alt=\"novo meko\" width=\"700\" height=\"525\" \/><\/p>\n","protected":false},"excerpt":{"rendered":"V petek, 18. novembra, je dru\u017eba Novo Meko &#8211; ob prisotnosti veleposlanika Italije v Ljubljani &#8211; v Vojniku odprla visokotehnolo\u0161ko tovarno. Dru\u017ebo Novo Meko sta v Celju pred tremi leti ustanovili italijanski dru\u017ebi Demo Meko Technology in Avio-Composite. Link: STA Delo \u00a0","protected":false},"author":1,"featured_media":0,"comment_status":"","ping_status":"","sticky":false,"template":"","format":"standard","meta":{"footnotes":""},"tags":[],"class_list":["post-2314","post","type-post","status-publish","format-standard","hentry"],"_links":{"self":[{"href":"https:\/\/amblubiana.esteri.it\/sl\/wp-json\/wp\/v2\/posts\/2314","targetHints":{"allow":["GET"]}}],"collection":[{"href":"https:\/\/amblubiana.esteri.it\/sl\/wp-json\/wp\/v2\/posts"}],"about":[{"href":"https:\/\/amblubiana.esteri.it\/sl\/wp-json\/wp\/v2\/types\/post"}],"author":[{"embeddable":true,"href":"https:\/\/amblubiana.esteri.it\/sl\/wp-json\/wp\/v2\/users\/1"}],"replies":[{"embeddable":true,"href":"https:\/\/amblubiana.esteri.it\/sl\/wp-json\/wp\/v2\/comments?post=2314"}],"version-history":[{"count":0,"href":"https:\/\/amblubiana.esteri.it\/sl\/wp-json\/wp\/v2\/posts\/2314\/revisions"}],"wp:attachment":[{"href":"https:\/\/amblubiana.esteri.it\/sl\/wp-json\/wp\/v2\/media?parent=2314"}],"wp:term":[{"taxonomy":"post_tag","embeddable":true,"href":"https:\/\/amblubiana.esteri.it\/sl\/wp-json\/wp\/v2\/tags?post=2314"}],"curies":[{"name":"wp","href":"https:\/\/api.w.org\/{rel}","templated":true}]}}