{"id":2383,"date":"2016-09-29T13:40:45","date_gmt":"2016-09-29T11:40:45","guid":{"rendered":"https:\/\/amblubiana.esteri.it\/news\/dall_ambasciata\/2016\/09\/esposizione-di-3-dipinti-di-giuseppe-2\/"},"modified":"2016-09-29T13:40:45","modified_gmt":"2016-09-29T11:40:45","slug":"esposizione-di-3-dipinti-di-giuseppe-2","status":"publish","type":"post","link":"https:\/\/amblubiana.esteri.it\/sl\/news\/dall_ambasciata\/2016\/09\/esposizione-di-3-dipinti-di-giuseppe-2\/","title":{"rendered":"Umetnine Jo\u017eefa Tominca na ogledu v Narodni galeriji v Ljubljani"},"content":{"rendered":"<p>Od srede, 28. septembra, so v Narodni galeriji v Ljubljani razstavljena tri dela slikarja Jo\u017eefa Tominca iz Nove Gorice in Italije.<\/p>\n<p>Umetnine sta na otvoritvi predstavila Katarina Bre\u0161an, kustosinja Gori\u0161kega muzeja Kromberk, Nova Gorica, in dr. Luca Caburlotto, direktor Zdru\u017eenja muzejev Furlanije Julijske Krajine, ob prisotnosti veleposlanika Italije v Ljubljani, nj.eksc. Paola Trichila, in direktorice Narodne galerije, dr. Barbare Jaki.<\/p>\n<p>Slike bodo na ogled do 16. oktobra 2016.<\/p>\n<p>\u00a0<\/p>\n<p>Link:<\/p>\n<p><a href=\"http:\/\/www.ng-slo.si\/si\/razstave-in-projekti\/razstava\/portreti-jozefa-tominca?id=4165\">Narodna galerija<\/a><\/p>\n","protected":false},"excerpt":{"rendered":"Od srede, 28. septembra, so v Narodni galeriji v Ljubljani razstavljena tri dela slikarja Jo\u017eefa Tominca iz Nove Gorice in Italije. Umetnine sta na otvoritvi predstavila Katarina Bre\u0161an, kustosinja Gori\u0161kega muzeja Kromberk, Nova Gorica, in dr. Luca Caburlotto, direktor Zdru\u017eenja muzejev Furlanije Julijske Krajine, ob prisotnosti veleposlanika Italije v Ljubljani, nj.eksc. Paola Trichila, in direktorice [&hellip;]","protected":false},"author":1,"featured_media":0,"comment_status":"","ping_status":"","sticky":false,"template":"","format":"standard","meta":{"footnotes":""},"tags":[],"class_list":["post-2383","post","type-post","status-publish","format-standard","hentry"],"_links":{"self":[{"href":"https:\/\/amblubiana.esteri.it\/sl\/wp-json\/wp\/v2\/posts\/2383","targetHints":{"allow":["GET"]}}],"collection":[{"href":"https:\/\/amblubiana.esteri.it\/sl\/wp-json\/wp\/v2\/posts"}],"about":[{"href":"https:\/\/amblubiana.esteri.it\/sl\/wp-json\/wp\/v2\/types\/post"}],"author":[{"embeddable":true,"href":"https:\/\/amblubiana.esteri.it\/sl\/wp-json\/wp\/v2\/users\/1"}],"replies":[{"embeddable":true,"href":"https:\/\/amblubiana.esteri.it\/sl\/wp-json\/wp\/v2\/comments?post=2383"}],"version-history":[{"count":0,"href":"https:\/\/amblubiana.esteri.it\/sl\/wp-json\/wp\/v2\/posts\/2383\/revisions"}],"wp:attachment":[{"href":"https:\/\/amblubiana.esteri.it\/sl\/wp-json\/wp\/v2\/media?parent=2383"}],"wp:term":[{"taxonomy":"post_tag","embeddable":true,"href":"https:\/\/amblubiana.esteri.it\/sl\/wp-json\/wp\/v2\/tags?post=2383"}],"curies":[{"name":"wp","href":"https:\/\/api.w.org\/{rel}","templated":true}]}}