{"id":2483,"date":"2016-06-17T09:17:02","date_gmt":"2016-06-17T07:17:02","guid":{"rendered":"https:\/\/amblubiana.esteri.it\/news\/dall_ambasciata\/2016\/06\/visita-del-capo-di-stato-maggiore-2\/"},"modified":"2016-06-17T09:17:02","modified_gmt":"2016-06-17T07:17:02","slug":"visita-del-capo-di-stato-maggiore-2","status":"publish","type":"post","link":"https:\/\/amblubiana.esteri.it\/sl\/news\/dall_ambasciata\/2016\/06\/visita-del-capo-di-stato-maggiore-2\/","title":{"rendered":"OBISK NA\u010cELNIKA OBRAMBNEGA \u0160TABA ITALIJANSKIH OBORO\u017dENIH SIL V SLOVENIJI"},"content":{"rendered":"<p>Link:<\/p>\n<p><a href=\"http:\/\/www.slovenskavojska.si\/odnosi-z-javnostmi\/sporocila-za-javnost\/novica\/nov\/nacelnik-obrambnega-staba-italijanskih-oborozenih-sil-na-obisku-v-sloveniji\/\">Slovenska vojska<\/a><\/p>\n","protected":false},"excerpt":{"rendered":"Link: Slovenska vojska","protected":false},"author":1,"featured_media":0,"comment_status":"","ping_status":"","sticky":false,"template":"","format":"standard","meta":{"footnotes":""},"tags":[],"class_list":["post-2483","post","type-post","status-publish","format-standard","hentry"],"_links":{"self":[{"href":"https:\/\/amblubiana.esteri.it\/sl\/wp-json\/wp\/v2\/posts\/2483","targetHints":{"allow":["GET"]}}],"collection":[{"href":"https:\/\/amblubiana.esteri.it\/sl\/wp-json\/wp\/v2\/posts"}],"about":[{"href":"https:\/\/amblubiana.esteri.it\/sl\/wp-json\/wp\/v2\/types\/post"}],"author":[{"embeddable":true,"href":"https:\/\/amblubiana.esteri.it\/sl\/wp-json\/wp\/v2\/users\/1"}],"replies":[{"embeddable":true,"href":"https:\/\/amblubiana.esteri.it\/sl\/wp-json\/wp\/v2\/comments?post=2483"}],"version-history":[{"count":0,"href":"https:\/\/amblubiana.esteri.it\/sl\/wp-json\/wp\/v2\/posts\/2483\/revisions"}],"wp:attachment":[{"href":"https:\/\/amblubiana.esteri.it\/sl\/wp-json\/wp\/v2\/media?parent=2483"}],"wp:term":[{"taxonomy":"post_tag","embeddable":true,"href":"https:\/\/amblubiana.esteri.it\/sl\/wp-json\/wp\/v2\/tags?post=2483"}],"curies":[{"name":"wp","href":"https:\/\/api.w.org\/{rel}","templated":true}]}}