{"id":3028,"date":"2013-11-26T10:44:15","date_gmt":"2013-11-26T09:44:15","guid":{"rendered":"https:\/\/amblubiana.esteri.it\/news\/dall_ambasciata\/2013\/11\/dimissioni-gantar-2\/"},"modified":"2013-11-26T10:44:15","modified_gmt":"2013-11-26T09:44:15","slug":"dimissioni-gantar-2","status":"publish","type":"post","link":"https:\/\/amblubiana.esteri.it\/sl\/news\/dall_ambasciata\/2013\/11\/dimissioni-gantar-2\/","title":{"rendered":"ZA\u010cASNE ZADOL\u017dITVE NA MINISTRSTVU ZA GOSPODARSKI RAZVOJ IN MINISTRSTVA ZA ZDRAVJE"},"content":{"rendered":"<p><P>Po odstopu ministra za gospodarski razvoj Stepi\u0161nika in ministra za zdravje Gantarja, je 5. decembra minister za finance, Uro\u0161 \u010cufer, za\u010dasno prevzel ministrstvo za gospodarski razvoj in tehnologijo, minister za zunanje zadeve, Karl Erjavec, pa je za\u010dasno prevzel ministrstvo za zdravje.<BR><\/P><\/p>\n","protected":false},"excerpt":{"rendered":"Po odstopu ministra za gospodarski razvoj Stepi\u0161nika in ministra za zdravje Gantarja, je 5. decembra minister za finance, Uro\u0161 \u010cufer, za\u010dasno prevzel ministrstvo za gospodarski razvoj in tehnologijo, minister za zunanje zadeve, Karl Erjavec, pa je za\u010dasno prevzel ministrstvo za zdravje.","protected":false},"author":1,"featured_media":0,"comment_status":"","ping_status":"","sticky":false,"template":"","format":"standard","meta":{"footnotes":""},"tags":[],"class_list":["post-3028","post","type-post","status-publish","format-standard","hentry"],"_links":{"self":[{"href":"https:\/\/amblubiana.esteri.it\/sl\/wp-json\/wp\/v2\/posts\/3028","targetHints":{"allow":["GET"]}}],"collection":[{"href":"https:\/\/amblubiana.esteri.it\/sl\/wp-json\/wp\/v2\/posts"}],"about":[{"href":"https:\/\/amblubiana.esteri.it\/sl\/wp-json\/wp\/v2\/types\/post"}],"author":[{"embeddable":true,"href":"https:\/\/amblubiana.esteri.it\/sl\/wp-json\/wp\/v2\/users\/1"}],"replies":[{"embeddable":true,"href":"https:\/\/amblubiana.esteri.it\/sl\/wp-json\/wp\/v2\/comments?post=3028"}],"version-history":[{"count":0,"href":"https:\/\/amblubiana.esteri.it\/sl\/wp-json\/wp\/v2\/posts\/3028\/revisions"}],"wp:attachment":[{"href":"https:\/\/amblubiana.esteri.it\/sl\/wp-json\/wp\/v2\/media?parent=3028"}],"wp:term":[{"taxonomy":"post_tag","embeddable":true,"href":"https:\/\/amblubiana.esteri.it\/sl\/wp-json\/wp\/v2\/tags?post=3028"}],"curies":[{"name":"wp","href":"https:\/\/api.w.org\/{rel}","templated":true}]}}